{"id":6340,"date":"2024-02-07T09:35:45","date_gmt":"2024-02-07T08:35:45","guid":{"rendered":"https:\/\/ific.auf.org\/home\/?p=6340"},"modified":"2024-02-13T14:18:54","modified_gmt":"2024-02-13T13:18:54","slug":"lific-recrute","status":"publish","type":"post","link":"https:\/\/ific.auf.org\/home\/2024\/02\/07\/lific-recrute\/","title":{"rendered":"L&rsquo;IFIC recrute !"},"content":{"rendered":"","protected":false},"excerpt":{"rendered":"<p>Vous \u00eates \u00e0 la recherche d&rsquo;une nouvelle opportunit\u00e9 professionnelle passionnante ?<\/p>\n<p>L\u2019Institut de la Formation \u00e0 Distance de la Francophonie (IFIC), de l\u2019Agence Universitaire de la Francophonie (#AUF), bas\u00e9 \u00e0 Tunis recrute un.e charg\u00e9.e de d\u00e9veloppement applicatif.<\/p>\n","protected":false},"author":1,"featured_media":6341,"comment_status":"closed","ping_status":"closed","sticky":false,"template":"","format":"standard","meta":{"footnotes":""},"categories":[8,7,11],"tags":[],"_links":{"self":[{"href":"https:\/\/ific.auf.org\/home\/wp-json\/wp\/v2\/posts\/6340"}],"collection":[{"href":"https:\/\/ific.auf.org\/home\/wp-json\/wp\/v2\/posts"}],"about":[{"href":"https:\/\/ific.auf.org\/home\/wp-json\/wp\/v2\/types\/post"}],"author":[{"embeddable":true,"href":"https:\/\/ific.auf.org\/home\/wp-json\/wp\/v2\/users\/1"}],"replies":[{"embeddable":true,"href":"https:\/\/ific.auf.org\/home\/wp-json\/wp\/v2\/comments?post=6340"}],"version-history":[{"count":2,"href":"https:\/\/ific.auf.org\/home\/wp-json\/wp\/v2\/posts\/6340\/revisions"}],"predecessor-version":[{"id":6373,"href":"https:\/\/ific.auf.org\/home\/wp-json\/wp\/v2\/posts\/6340\/revisions\/6373"}],"wp:featuredmedia":[{"embeddable":true,"href":"https:\/\/ific.auf.org\/home\/wp-json\/wp\/v2\/media\/6341"}],"wp:attachment":[{"href":"https:\/\/ific.auf.org\/home\/wp-json\/wp\/v2\/media?parent=6340"}],"wp:term":[{"taxonomy":"category","embeddable":true,"href":"https:\/\/ific.auf.org\/home\/wp-json\/wp\/v2\/categories?post=6340"},{"taxonomy":"post_tag","embeddable":true,"href":"https:\/\/ific.auf.org\/home\/wp-json\/wp\/v2\/tags?post=6340"}],"curies":[{"name":"wp","href":"https:\/\/api.w.org\/{rel}","templated":true}]}}