{"id":6269,"date":"2024-02-01T16:19:58","date_gmt":"2024-02-01T15:19:58","guid":{"rendered":"https:\/\/ific.auf.org\/home\/?p=6269"},"modified":"2024-02-01T16:47:15","modified_gmt":"2024-02-01T15:47:15","slug":"cloture-des-nouvelles-formations-innovantes-a-la-transformation-numerique-des-formations-delivrees-par-lific-au-benefice-de-la-communaute-universitaire","status":"publish","type":"post","link":"https:\/\/ific.auf.org\/home\/2024\/02\/01\/cloture-des-nouvelles-formations-innovantes-a-la-transformation-numerique-des-formations-delivrees-par-lific-au-benefice-de-la-communaute-universitaire\/","title":{"rendered":"Cl\u00f4ture des nouvelles formations innovantes \u00e0 la transformation num\u00e9rique des formations d\u00e9livr\u00e9es par l\u2019IFIC au b\u00e9n\u00e9fice de la communaut\u00e9 universitaire"},"content":{"rendered":"","protected":false},"excerpt":{"rendered":"<p>L\u2019Institut de la Formation \u00e0 Distance de la Francophonie (IFIC), un institut d\u00e9concentr\u00e9 de l\u2019Agence Universitaire de la Francophonie (AUF), a organis\u00e9, jeudi le 25 janvier 2024 au sein de ses locaux, une c\u00e9r\u00e9monie de cl\u00f4ture et de remise des attestations de formations aux 23 premiers b\u00e9n\u00e9ficiaires de ses nouveaux cycles de formations innovantes d\u00e9di\u00e9es \u00e0 la transformation num\u00e9rique des formations.<\/p>\n","protected":false},"author":1,"featured_media":6271,"comment_status":"closed","ping_status":"closed","sticky":false,"template":"","format":"standard","meta":{"footnotes":""},"categories":[8,10],"tags":[],"_links":{"self":[{"href":"https:\/\/ific.auf.org\/home\/wp-json\/wp\/v2\/posts\/6269"}],"collection":[{"href":"https:\/\/ific.auf.org\/home\/wp-json\/wp\/v2\/posts"}],"about":[{"href":"https:\/\/ific.auf.org\/home\/wp-json\/wp\/v2\/types\/post"}],"author":[{"embeddable":true,"href":"https:\/\/ific.auf.org\/home\/wp-json\/wp\/v2\/users\/1"}],"replies":[{"embeddable":true,"href":"https:\/\/ific.auf.org\/home\/wp-json\/wp\/v2\/comments?post=6269"}],"version-history":[{"count":2,"href":"https:\/\/ific.auf.org\/home\/wp-json\/wp\/v2\/posts\/6269\/revisions"}],"predecessor-version":[{"id":6272,"href":"https:\/\/ific.auf.org\/home\/wp-json\/wp\/v2\/posts\/6269\/revisions\/6272"}],"wp:featuredmedia":[{"embeddable":true,"href":"https:\/\/ific.auf.org\/home\/wp-json\/wp\/v2\/media\/6271"}],"wp:attachment":[{"href":"https:\/\/ific.auf.org\/home\/wp-json\/wp\/v2\/media?parent=6269"}],"wp:term":[{"taxonomy":"category","embeddable":true,"href":"https:\/\/ific.auf.org\/home\/wp-json\/wp\/v2\/categories?post=6269"},{"taxonomy":"post_tag","embeddable":true,"href":"https:\/\/ific.auf.org\/home\/wp-json\/wp\/v2\/tags?post=6269"}],"curies":[{"name":"wp","href":"https:\/\/api.w.org\/{rel}","templated":true}]}}