{"id":5731,"date":"2023-03-29T11:38:00","date_gmt":"2023-03-29T10:38:00","guid":{"rendered":"https:\/\/ific.auf.org\/?p=5731"},"modified":"2023-03-29T12:08:20","modified_gmt":"2023-03-29T11:08:20","slug":"enquete-cartographie-des-acteurs-des-technologies-educatives-et-pedagogie-numerique-dans-lespace-francophone","status":"publish","type":"post","link":"https:\/\/ific.auf.org\/home\/2023\/03\/29\/enquete-cartographie-des-acteurs-des-technologies-educatives-et-pedagogie-numerique-dans-lespace-francophone\/","title":{"rendered":"ENQU\u00caTE &#8211; Cartographie des acteurs des technologies \u00e9ducatives et p\u00e9dagogie num\u00e9rique dans l&rsquo;espace Francophone"},"content":{"rendered":"","protected":false},"excerpt":{"rendered":"","protected":false},"author":1,"featured_media":5736,"comment_status":"closed","ping_status":"closed","sticky":false,"template":"","format":"standard","meta":{"footnotes":""},"categories":[8],"tags":[],"_links":{"self":[{"href":"https:\/\/ific.auf.org\/home\/wp-json\/wp\/v2\/posts\/5731"}],"collection":[{"href":"https:\/\/ific.auf.org\/home\/wp-json\/wp\/v2\/posts"}],"about":[{"href":"https:\/\/ific.auf.org\/home\/wp-json\/wp\/v2\/types\/post"}],"author":[{"embeddable":true,"href":"https:\/\/ific.auf.org\/home\/wp-json\/wp\/v2\/users\/1"}],"replies":[{"embeddable":true,"href":"https:\/\/ific.auf.org\/home\/wp-json\/wp\/v2\/comments?post=5731"}],"version-history":[{"count":2,"href":"https:\/\/ific.auf.org\/home\/wp-json\/wp\/v2\/posts\/5731\/revisions"}],"predecessor-version":[{"id":5740,"href":"https:\/\/ific.auf.org\/home\/wp-json\/wp\/v2\/posts\/5731\/revisions\/5740"}],"wp:featuredmedia":[{"embeddable":true,"href":"https:\/\/ific.auf.org\/home\/wp-json\/wp\/v2\/media\/5736"}],"wp:attachment":[{"href":"https:\/\/ific.auf.org\/home\/wp-json\/wp\/v2\/media?parent=5731"}],"wp:term":[{"taxonomy":"category","embeddable":true,"href":"https:\/\/ific.auf.org\/home\/wp-json\/wp\/v2\/categories?post=5731"},{"taxonomy":"post_tag","embeddable":true,"href":"https:\/\/ific.auf.org\/home\/wp-json\/wp\/v2\/tags?post=5731"}],"curies":[{"name":"wp","href":"https:\/\/api.w.org\/{rel}","templated":true}]}}