{"id":5500,"date":"2022-06-07T17:10:01","date_gmt":"2022-06-07T16:10:01","guid":{"rendered":"https:\/\/ific.auf.org\/?p=5500"},"modified":"2022-06-07T17:55:49","modified_gmt":"2022-06-07T16:55:49","slug":"seminaire-de-recherche-en-ligne-intitule-la-transformation-numerique-de-lafrique-une-opportunite-pour-une-recherche-et-une-education-a-fort-impact-le-mercredi-8-juin-2022-a-16","status":"publish","type":"post","link":"https:\/\/ific.auf.org\/home\/2022\/06\/07\/seminaire-de-recherche-en-ligne-intitule-la-transformation-numerique-de-lafrique-une-opportunite-pour-une-recherche-et-une-education-a-fort-impact-le-mercredi-8-juin-2022-a-16\/","title":{"rendered":"S\u00e9minaire de recherche en ligne intitul\u00e9 \u00ab La Transformation Num\u00e9rique de l\u2019Afrique : une opportunit\u00e9 pour une recherche et une \u00e9ducation \u00e0 fort impact \u00bb le mercredi 8 juin 2022 \u00e0 16h00 (heure de Paris)."},"content":{"rendered":"","protected":false},"excerpt":{"rendered":"","protected":false},"author":1,"featured_media":5529,"comment_status":"closed","ping_status":"closed","sticky":false,"template":"","format":"standard","meta":{"footnotes":""},"categories":[8,4],"tags":[],"_links":{"self":[{"href":"https:\/\/ific.auf.org\/home\/wp-json\/wp\/v2\/posts\/5500"}],"collection":[{"href":"https:\/\/ific.auf.org\/home\/wp-json\/wp\/v2\/posts"}],"about":[{"href":"https:\/\/ific.auf.org\/home\/wp-json\/wp\/v2\/types\/post"}],"author":[{"embeddable":true,"href":"https:\/\/ific.auf.org\/home\/wp-json\/wp\/v2\/users\/1"}],"replies":[{"embeddable":true,"href":"https:\/\/ific.auf.org\/home\/wp-json\/wp\/v2\/comments?post=5500"}],"version-history":[{"count":2,"href":"https:\/\/ific.auf.org\/home\/wp-json\/wp\/v2\/posts\/5500\/revisions"}],"predecessor-version":[{"id":5526,"href":"https:\/\/ific.auf.org\/home\/wp-json\/wp\/v2\/posts\/5500\/revisions\/5526"}],"wp:featuredmedia":[{"embeddable":true,"href":"https:\/\/ific.auf.org\/home\/wp-json\/wp\/v2\/media\/5529"}],"wp:attachment":[{"href":"https:\/\/ific.auf.org\/home\/wp-json\/wp\/v2\/media?parent=5500"}],"wp:term":[{"taxonomy":"category","embeddable":true,"href":"https:\/\/ific.auf.org\/home\/wp-json\/wp\/v2\/categories?post=5500"},{"taxonomy":"post_tag","embeddable":true,"href":"https:\/\/ific.auf.org\/home\/wp-json\/wp\/v2\/tags?post=5500"}],"curies":[{"name":"wp","href":"https:\/\/api.w.org\/{rel}","templated":true}]}}