{"id":5227,"date":"2022-03-04T11:08:59","date_gmt":"2022-03-04T10:08:59","guid":{"rendered":"https:\/\/ific.auf.org\/?p=5227"},"modified":"2022-03-05T12:06:31","modified_gmt":"2022-03-05T11:06:31","slug":"webinaire-intitule-le-numerique-educatif-a-lere-de-lintelligence-artificielle-et-de-leducation-ouverte-le-mardi-08-mars-2022-a-15h00-heure-de-tunisie","status":"publish","type":"post","link":"https:\/\/ific.auf.org\/home\/2022\/03\/04\/webinaire-intitule-le-numerique-educatif-a-lere-de-lintelligence-artificielle-et-de-leducation-ouverte-le-mardi-08-mars-2022-a-15h00-heure-de-tunisie\/","title":{"rendered":"\u00c0 l&rsquo;occasion de la journ\u00e9e internationale des droits des femmes: un webinaire se tiendra le mardi 08 mars 2022 \u00e0 16h00 heure de Tunisie"},"content":{"rendered":"\n<p><\/p>\n\n\n\n<p><\/p>\n\n\n\n<p><\/p>\n\n\n\n<p><\/p>\n\n\n\n<p><\/p>\n","protected":false},"excerpt":{"rendered":"","protected":false},"author":1,"featured_media":5264,"comment_status":"closed","ping_status":"closed","sticky":false,"template":"","format":"standard","meta":{"footnotes":""},"categories":[8,10],"tags":[],"_links":{"self":[{"href":"https:\/\/ific.auf.org\/home\/wp-json\/wp\/v2\/posts\/5227"}],"collection":[{"href":"https:\/\/ific.auf.org\/home\/wp-json\/wp\/v2\/posts"}],"about":[{"href":"https:\/\/ific.auf.org\/home\/wp-json\/wp\/v2\/types\/post"}],"author":[{"embeddable":true,"href":"https:\/\/ific.auf.org\/home\/wp-json\/wp\/v2\/users\/1"}],"replies":[{"embeddable":true,"href":"https:\/\/ific.auf.org\/home\/wp-json\/wp\/v2\/comments?post=5227"}],"version-history":[{"count":8,"href":"https:\/\/ific.auf.org\/home\/wp-json\/wp\/v2\/posts\/5227\/revisions"}],"predecessor-version":[{"id":5279,"href":"https:\/\/ific.auf.org\/home\/wp-json\/wp\/v2\/posts\/5227\/revisions\/5279"}],"wp:featuredmedia":[{"embeddable":true,"href":"https:\/\/ific.auf.org\/home\/wp-json\/wp\/v2\/media\/5264"}],"wp:attachment":[{"href":"https:\/\/ific.auf.org\/home\/wp-json\/wp\/v2\/media?parent=5227"}],"wp:term":[{"taxonomy":"category","embeddable":true,"href":"https:\/\/ific.auf.org\/home\/wp-json\/wp\/v2\/categories?post=5227"},{"taxonomy":"post_tag","embeddable":true,"href":"https:\/\/ific.auf.org\/home\/wp-json\/wp\/v2\/tags?post=5227"}],"curies":[{"name":"wp","href":"https:\/\/api.w.org\/{rel}","templated":true}]}}